{"id":3655,"date":"2024-12-15T08:29:35","date_gmt":"2024-12-15T12:29:35","guid":{"rendered":"https:\/\/puebloenarmas.com\/0\/?p=3655"},"modified":"2024-12-15T15:21:19","modified_gmt":"2024-12-15T19:21:19","slug":"ayacucho-la-lucha-continua","status":"publish","type":"post","link":"https:\/\/puebloenarmas.com\/0\/ayacucho-la-lucha-continua\/","title":{"rendered":"Ayacucho: la lucha contin\u00faa."},"content":{"rendered":"\n<p>Por Oscar Rotundo. <\/p>\n\n\n\n<p>Se cumplen 200 a\u00f1os de la batalla de Ayacucho, gesta que termin\u00f3 con las aspiraciones mon\u00e1rquicas del reino de Espa\u00f1a en nuestra tierra. La primera etapa en el camino hacia la independencia se hab\u00eda logrado luego de 300 a\u00f1os de dominaci\u00f3n y saqueo, pero tambi\u00e9n de resistencia.<\/p>\n\n\n\n<p>La Batalla de Ayacucho se realiz\u00f3 el 9 de diciembre de 1824, y en la misma, las fuerzas independentistas lideradas por Antonio Jos\u00e9 de Sucre se enfrentaban a las comandadas por el virrey Jos\u00e9 de la Serna. La victoria en Ayacucho consolid\u00f3 las independencias de las rep\u00fablicas hispanoamericanas, abriendo otros escenarios en el camino hacia la independencia y la autodeterminaci\u00f3n de los pueblos.<\/p>\n\n\n\n<p>A Ayacucho se llega de la mano de varios acuerdos pol\u00edticos entre los l\u00edderes independentistas regionales; se luchaba contra lo que no se quer\u00eda, pero quedaba por resolver cual ser\u00eda el destino de esos territorios eliminado el yugo espa\u00f1ol.<\/p>\n\n\n\n<p>Ca\u00eda por las armas el imperio ib\u00e9rico en suelo americano, pero se abr\u00edan las puertas para que desde ese momento comenzara una furibunda guerra fratricida alentada por la necedad de las burgues\u00edas y oligarqu\u00edas nativas y los intereses capitalistas for\u00e1neos que mediante las intrigas y el espionaje alentaron los enfrentamientos para que la batalla se librara en el terreno militar, de los mercados, la diplomacia y la pol\u00edtica, contra m\u00faltiples enemigos que pretend\u00edan, con distintas herramientas, ejercer el sometimiento sobre los nacientes gobiernos y prolongar de esta manera la rapi\u00f1a comenzada hac\u00eda 300 a\u00f1os.<\/p>\n\n\n\n<p>Desde el norte, el gobierno de los Estados Unidos avanzaba con la imposici\u00f3n de la doctrina Monroe, por el este, el imperio de Brasil mostraba sus aspiraciones expansionistas persiguiendo el sue\u00f1o de ser \u00abun gran y vasto imperio\u00bb, como lo precisara en 1819 Jos\u00e9 Bonifacio de Andrada e Silva, ex ministro de Asuntos Exteriores de Brasil, con mucha raz\u00f3n,&nbsp; pues se trat\u00f3 en aquel momento de un Imperio claramente intervencionista, que siempre se esforz\u00f3 por impedir la uni\u00f3n de las ex provincias del virreinato del R\u00edo de la Plata en torno a Buenos Aires,( guerra argentino-brasile\u00f1a 1825 y 1828) [<strong>1<\/strong>]<\/p>\n\n\n\n<p>El ex virreinato del R\u00edo de la Plata que entre 1815 y 1880 protagoniz\u00f3 una guerra federal, interrumpida por breves intervalos, en su totalidad gener\u00f3 m\u00e1s de 60 mil muertos en lo que a partir de la Constituci\u00f3n de 1853 ser\u00eda la Rep\u00fablica Argentina, muestra una tendencia que se desarrollar\u00eda a lo largo del siglo XIX a medida que el proceso de independencia se concretaba, profundiz\u00e1ndose despu\u00e9s de Ayacucho en 1824 por la intervenci\u00f3n insidiosa de Estados Unidos, Gran Breta\u00f1a y Francia fundamentalmente.<\/p>\n\n\n\n<p>Europa estaba sumida en una serie de conflictos y cambios pol\u00edticoecon\u00f3micos al momento de librarse la Batalla de Ayacucho. Espa\u00f1a, por ejemplo, se encontraba en una crisis pol\u00edtica pues el Trienio Liberal, que comenz\u00f3 en 1820, produjo una reforma constitucional a la carta magna de 1812, estableciendo un gobierno liberal, aunque este per\u00edodo de liberalismo dur\u00f3 poco y en 1823, un ej\u00e9rcito franc\u00e9s denominado los Cien Mil Hijos de San Luis, invadi\u00f3 Espa\u00f1a apoyar al rey Fernando VII y restaurar el absolutismo.<\/p>\n\n\n\n<p>Por otra parte, el Congreso de Viena de 1815, que hab\u00eda reorganizado el mapa pol\u00edtico de Europa despu\u00e9s de las Guerras Napole\u00f3nicas, estaba siendo cuestionado por diferentes movimientos nacionalistas y liberales en varios pa\u00edses.<\/p>\n\n\n\n<p>Los pa\u00edses europeos estaban inmersos en la gran Revoluci\u00f3n Industrial, explotando la miner\u00eda, la industria textil, el ferrocarril y la siderurgia. El capitalismo comercial y financiero se transform\u00f3 en una herramienta al servicio de las grandes empresas y los grandes bancos que gracias al crecimiento econ\u00f3mico y a la aparici\u00f3n de nuevas t\u00e9cnicas y sectores productivos, salieron a la caza de nuevos mercados en una brutal competencia que no reparaba en m\u00e9todos y fines.<\/p>\n\n\n\n<p>Atr\u00e1s quedaban los sue\u00f1os de Bol\u00edvar, Sucre, San Mart\u00edn, y la Patria grande se desangraba y pasaba de la gloria antimperialista a la tragedia fratricida.<\/p>\n\n\n\n<p>Guerra de la Gran Colombia contra el Reino del Per\u00fa (1828-1829). No bien consolidadas sus respectivas independencias, el gobierno liberal de Per\u00fa, opositor ac\u00e9rrimo de las ideas del libertador impuls\u00f3 un proceso destituyente en Bolivia encabezando una rebeli\u00f3n contra las fuerzas colombianas y contra Sucre.&nbsp; Ante esto, Sim\u00f3n Bol\u00edvar, declar\u00f3 la guerra al Per\u00fa, repudiando el injerencismo del gobierno peruano en Bolivia y reclamando el pago de 7.595.747 pesos, como deuda por la guerra de la emancipaci\u00f3n, y la entrega de los territorios peruanos de Tumbes, Ja\u00e9n y Maynas a la Gran Colombia.<\/p>\n\n\n\n<p>En el imperio de Brasil se produce la Guerra de los Farrapos (1835-1845), un conflicto que se desarrolla en el Estado de R\u00edo Grande del Sur, l\u00edmite con Uruguay, producto de las contradicciones entre las pol\u00edticas centralistas y las nacientes burgues\u00edas regionales perjudicadas por las importaciones de carne salada y cuero desde Uruguay y Argentina.<\/p>\n\n\n\n<p>Hay una caracter\u00edstica trasversal en todas estas guerras civiles, la tenencia de la tierra y la lucha contra las importaciones que no dejaban prosperar las nacientes econom\u00edas regionales, As\u00ed se suscitaron las diferentes guerras civiles: peruana (1841-1845), guerra civil colombiana (1851), guerra civil ecuatoriana (1859-1860), y la guerra Federal en el territorio venezolano entre (1859 y 1863)<\/p>\n\n\n\n<p>Tambi\u00e9n se producir\u00edan las grandes guerras por el control territorial azuzadas por los intereses multinacionales para la tenencia&nbsp; y explotaci\u00f3n de los recursos naturales, por ejemplo la infame&nbsp; Guerra de la Triple Alianza (1864-1870) entre Paraguay y la alianza formada por Argentina, Brasil y Uruguay, en la cual Paraguay, seg\u00fan distintas fuentes, perdi\u00f3 entre el 50 % y el 85 % de su poblaci\u00f3n y pr\u00e1cticamente el 90 % de su poblaci\u00f3n masculina adulta, lo que conllev\u00f3 a un desastre demogr\u00e1fico en el pa\u00eds, con casi medio mill\u00f3n de muertos, consider\u00e1ndose a la misma, la guerra m\u00e1s mort\u00edfera en la historia de Sudam\u00e9rica.<\/p>\n\n\n\n<p>Tambi\u00e9n cabe recordar la Guerra del Pac\u00edfico (1879-1884) en la cual Bolivia perdi\u00f3 parte de su territorio que le permit\u00eda una salida al Oc\u00e9ano Pac\u00edfico y Per\u00fa perdi\u00f3 la soberan\u00eda sobre las provincias de Tarapac\u00e1 y Arica. Las potencias con mayores intereses en la regi\u00f3n eran Gran Breta\u00f1a y Francia, siendo la naci\u00f3n sajona la m\u00e1s influyente en el triunfo de Chile.<\/p>\n\n\n\n<p>Entrando en el siglo XX las confrontaciones tendr\u00edan caracter\u00edsticas pol\u00edticas sociales, la interacci\u00f3n con Europa no solo hab\u00edan generado el asentamiento de grandes empresas en nuestra regi\u00f3n y el crecimiento del comercio y desarrollo de las fuerzas productivas, tambi\u00e9n hab\u00eda generado el desarrollo de una sindicalizada y pujante clase obrera y la organizaci\u00f3n de campesinos e ind\u00edgenas que a lo largo del continente manten\u00edan la visibilizaci\u00f3n de las hist\u00f3ricas luchas del siglo XIX por la independencia.<\/p>\n\n\n\n<p>La Batalla de Ayacucho materializ\u00f3 en su concreci\u00f3n el sentido pol\u00edtico que fragu\u00f3 la unidad en la acci\u00f3n y sent\u00f3 las bases para futuras iniciativas de integraci\u00f3n y cooperaci\u00f3n entre los pa\u00edses americanos como el ALBA-TCP, UNASUR y CELAC constituy\u00e9ndose estos \u00faltimos como el signo m\u00e1s avanzado para la solidaridad y el esp\u00edritu de unidad forjados durante las luchas por la independencia, inspirando movimientos y organizaciones para que desde las bases se concreten las aspiraciones de justicia y soberan\u00eda con forma a la autodeterminaci\u00f3n de los pueblos.<\/p>\n\n\n\n<p>En resumen, la Batalla de Ayacucho fue un hito crucial en la historia de Am\u00e9rica, simbolizando la lucha por la libertad, la unidad y la independencia de los pueblos americanos contra el colonialismo y el imperialismo. Ya en el siglo XXI, 200 a\u00f1os despu\u00e9s de esa gesta hist\u00f3rica seguimos comprometidos en forjar la unidad y dar batalla contra los renovados planes de sometimiento que se gestan desde las retrogradas potencias imperiales. Ayacucho no fue el final de la historia independentista, fue el comienzo para la batalla final. La lucha continua.<\/p>\n\n\n\n<hr class=\"wp-block-separator has-alpha-channel-opacity\"\/>\n\n\n\n<p><strong>Referencias:<\/strong><\/p>\n\n\n\n<p><strong>[1] <\/strong>En 1821 la Provincia Oriental, tras ser derrotado Jos\u00e9 Gervasio Artigas el a\u00f1o anterior en la Batalla de Tacuaremb\u00f3, fue anexada al Brasil con el nombre de Provincia Cisplatina. Cinco a\u00f1os despu\u00e9s, en 1825, y con el apoyo del gobierno argentino, un grupo de orientales y de otras provincias, llamado los Treinta y Tres Orientales y liderado por Juan Antonio Lavalleja, ingres\u00f3 en la Provincia Oriental para desalojar a los ocupantes brasile\u00f1os. Con la posterior ayuda de Fructuoso Rivera, en pocos meses logr\u00f3 retirar al ej\u00e9rcito brasile\u00f1o y el 25 de agosto, en el Congreso de Florida, declar\u00f3 la independencia de la Provincia Oriental del Brasil y su unificaci\u00f3n con las dem\u00e1s provincias que conformaban las Provincias Unidas del R\u00edo de la Plata o Argentina, ante esto Brasil le declara la guerra a Argentina.<\/p>\n","protected":false},"excerpt":{"rendered":"<p>Se cumplen 200 a\u00f1os de la batalla de Ayacucho, gesta que termin\u00f3 con las aspiraciones mon\u00e1rquicas del reino de Espa\u00f1a en nuestra tierra. La primera etapa en el camino hacia la independencia se hab\u00eda logrado luego de 300 a\u00f1os de dominaci\u00f3n y saqueo, pero tambi\u00e9n de resistencia.<\/p>\n","protected":false},"author":1,"featured_media":3656,"comment_status":"closed","ping_status":"open","sticky":false,"template":"","format":"standard","meta":{"_monsterinsights_skip_tracking":false,"_monsterinsights_sitenote_active":false,"_monsterinsights_sitenote_note":"","_monsterinsights_sitenote_category":0,"footnotes":""},"categories":[122,9],"tags":[884,550,155],"class_list":["post-3655","post","type-post","status-publish","format-standard","has-post-thumbnail","hentry","category-destacados","category-doctrina-militar","tag-ayacucho","tag-independencia","tag-simon-bolivar"],"_links":{"self":[{"href":"https:\/\/puebloenarmas.com\/0\/wp-json\/wp\/v2\/posts\/3655","targetHints":{"allow":["GET"]}}],"collection":[{"href":"https:\/\/puebloenarmas.com\/0\/wp-json\/wp\/v2\/posts"}],"about":[{"href":"https:\/\/puebloenarmas.com\/0\/wp-json\/wp\/v2\/types\/post"}],"author":[{"embeddable":true,"href":"https:\/\/puebloenarmas.com\/0\/wp-json\/wp\/v2\/users\/1"}],"replies":[{"embeddable":true,"href":"https:\/\/puebloenarmas.com\/0\/wp-json\/wp\/v2\/comments?post=3655"}],"version-history":[{"count":1,"href":"https:\/\/puebloenarmas.com\/0\/wp-json\/wp\/v2\/posts\/3655\/revisions"}],"predecessor-version":[{"id":3657,"href":"https:\/\/puebloenarmas.com\/0\/wp-json\/wp\/v2\/posts\/3655\/revisions\/3657"}],"wp:featuredmedia":[{"embeddable":true,"href":"https:\/\/puebloenarmas.com\/0\/wp-json\/wp\/v2\/media\/3656"}],"wp:attachment":[{"href":"https:\/\/puebloenarmas.com\/0\/wp-json\/wp\/v2\/media?parent=3655"}],"wp:term":[{"taxonomy":"category","embeddable":true,"href":"https:\/\/puebloenarmas.com\/0\/wp-json\/wp\/v2\/categories?post=3655"},{"taxonomy":"post_tag","embeddable":true,"href":"https:\/\/puebloenarmas.com\/0\/wp-json\/wp\/v2\/tags?post=3655"}],"curies":[{"name":"wp","href":"https:\/\/api.w.org\/{rel}","templated":true}]}}