{"id":2818,"date":"2022-02-25T09:08:02","date_gmt":"2022-02-25T13:08:02","guid":{"rendered":"https:\/\/puebloenarmas.com\/?p=2818"},"modified":"2022-02-25T09:08:06","modified_gmt":"2022-02-25T13:08:06","slug":"ultima-proclama-del-libertador-2","status":"publish","type":"post","link":"https:\/\/puebloenarmas.com\/0\/ultima-proclama-del-libertador-2\/","title":{"rendered":"\u00daltima Proclama del Libertador"},"content":{"rendered":"\n<p>\u00a1Colombianos!<\/p>\n\n\n\n<p>Hab\u00e9is presenciado mis esfuerzos para plantear la libertad donde reinaba antes la tiran\u00eda. He trabajado con desinter\u00e9s abandonando mi fortuna y aun mi tranquilidad. Me separ\u00e9 del mando cuando me persuad\u00ed que desconfiabais de mi desprendimiento.<\/p>\n\n\n\n<p>Mis enemigos abusaron de vuestra credulidad y hollaron lo que me es m\u00e1s sagrado: mi reputaci\u00f3n y mi amor a la libertad. He sido v\u00edctima de mis perseguidores, que me han conducido a las puertas del sepulcro. Yo los perdono.<\/p>\n\n\n\n<p>Al desaparecer de en medio de vosotros, mi cari\u00f1o me dice que debo hacer la manifestaci\u00f3n de mis \u00faltimos deseos. No aspiro \u00e1 otra gloria que a la consolidaci\u00f3n de Colombia; todos deben trabajar por el bien inestimable de la uni\u00f3n: los pueblos, obedeciendo al actual Gobierno para libertarse de la anarqu\u00eda; los ministros del santuario dirigiendo sus oraciones al cielo; y los militares empleando sus espadas en defensa de las garant\u00edas sociales.<\/p>\n\n\n\n<p>\u00a1Colombianos!<\/p>\n\n\n\n<p>Mis \u00faltimos votos son por la felicidad de la Patria. \u00a1Si mi muerte contribuye a que cesen los partidos y se consolide la uni\u00f3n, yo bajar\u00e9 tranquilo al sepulcro!<\/p>\n\n\n\n<p><strong>SIM\u00d3N BOL\u00cdVAR<\/strong><\/p>\n\n\n\n<p>Hacienda de San Pedro , Santa Marta a 10 diciembre de 1830.<\/p>\n","protected":false},"excerpt":{"rendered":"<p>Hab\u00e9is presenciado mis esfuerzos para plantear la libertad donde reinaba antes la tiran\u00eda. He trabajado con desinter\u00e9s abandonando mi fortuna y aun mi tranquilidad. Me separ\u00e9 del mando cuando me persuad\u00ed que desconfiabais de mi desprendimiento.<\/p>\n","protected":false},"author":1,"featured_media":2819,"comment_status":"closed","ping_status":"open","sticky":false,"template":"","format":"standard","meta":{"_monsterinsights_skip_tracking":false,"_monsterinsights_sitenote_active":false,"_monsterinsights_sitenote_note":"","_monsterinsights_sitenote_category":0,"footnotes":""},"categories":[137],"tags":[155],"class_list":["post-2818","post","type-post","status-publish","format-standard","has-post-thumbnail","hentry","category-bolivar-a-mano-alzada","tag-simon-bolivar"],"_links":{"self":[{"href":"https:\/\/puebloenarmas.com\/0\/wp-json\/wp\/v2\/posts\/2818","targetHints":{"allow":["GET"]}}],"collection":[{"href":"https:\/\/puebloenarmas.com\/0\/wp-json\/wp\/v2\/posts"}],"about":[{"href":"https:\/\/puebloenarmas.com\/0\/wp-json\/wp\/v2\/types\/post"}],"author":[{"embeddable":true,"href":"https:\/\/puebloenarmas.com\/0\/wp-json\/wp\/v2\/users\/1"}],"replies":[{"embeddable":true,"href":"https:\/\/puebloenarmas.com\/0\/wp-json\/wp\/v2\/comments?post=2818"}],"version-history":[{"count":1,"href":"https:\/\/puebloenarmas.com\/0\/wp-json\/wp\/v2\/posts\/2818\/revisions"}],"predecessor-version":[{"id":2820,"href":"https:\/\/puebloenarmas.com\/0\/wp-json\/wp\/v2\/posts\/2818\/revisions\/2820"}],"wp:featuredmedia":[{"embeddable":true,"href":"https:\/\/puebloenarmas.com\/0\/wp-json\/wp\/v2\/media\/2819"}],"wp:attachment":[{"href":"https:\/\/puebloenarmas.com\/0\/wp-json\/wp\/v2\/media?parent=2818"}],"wp:term":[{"taxonomy":"category","embeddable":true,"href":"https:\/\/puebloenarmas.com\/0\/wp-json\/wp\/v2\/categories?post=2818"},{"taxonomy":"post_tag","embeddable":true,"href":"https:\/\/puebloenarmas.com\/0\/wp-json\/wp\/v2\/tags?post=2818"}],"curies":[{"name":"wp","href":"https:\/\/api.w.org\/{rel}","templated":true}]}}