{"id":2565,"date":"2021-09-29T09:00:00","date_gmt":"2021-09-29T13:00:00","guid":{"rendered":"https:\/\/puebloenarmas.com\/?p=2565"},"modified":"2022-02-25T09:54:28","modified_gmt":"2022-02-25T13:54:28","slug":"amenaza-para-latinoamerica","status":"publish","type":"post","link":"https:\/\/puebloenarmas.com\/0\/amenaza-para-latinoamerica\/","title":{"rendered":"Amenaza Para Latinoamerica"},"content":{"rendered":"\n<p>Por Equipo Consejo Editorial<\/p>\n\n\n\n<p>En Colombia el terrorismo de Estado se ha profundizado y es abierto. Asesinan cada dia a l\u00edderes sociales, indigenas, campesinos, maestros, pobladores. Los ricos de Colombia se sostienen en el poder&nbsp; y mantienen su modelo de acumulaci\u00f3n por medio de la violencia discriminada contra los luchadores y sus organizaciones. Seg\u00fan datos de Global Witness una ONG de Derechos Humanos radicada en Londres, solo en el 2020&nbsp; habr\u00edan sido asesinados 65 ambientalistas. INDEPAZ informa que 126 l\u00edderes sociales han sido asesinados en este 2021 y &nbsp;se suman a la lista de 1241 l\u00edderes sociales asesinados posterior a la firma de los acuerdos de paz. Este mismo a\u00f1o se han registrado 72 masacres y 36 ind\u00edgenas no encontraron en el Estado colombiano ning\u00fan tipo de protecci\u00f3n a sus vidas.<\/p>\n\n\n\n<p>A esta larga lista de l\u00edderes sociales, ind\u00edgenas, ambientalistas y defensores de derechos humanos hay que a\u00f1adirle el asesinato en estado de indefensi\u00f3n de 286 excombatientes farianos firmantes del acuerdo de paz entre el Estado colombiano y las FARC-EP.<\/p>\n\n\n\n<p>El accionar durante el alzamiento popular reciente de la policia militarizada de Colombia y el respaldo absoluto de Duque a la masacre del pueblo, filmada y conocida, es una muestra urbana de lo que el regimen narcoterrorista ha ejecutado por d\u00e9cadas en las \u00e1reas rurales, en medio del conflicto armado.&nbsp; El Banco de Datos de Derechos Humanos y Violencia Pol\u00edtica del Centro de Investigaci\u00f3n y Educaci\u00f3n Popular (Cinep), public\u00f3 en la nueva edici\u00f3n de la Revista Noche y Niebla, la No. 63, en ella indican que fueron 1388 victimas de la violencia del Estado colombiano durante el Paro Nacional, entre abril y junio del presente a\u00f1o, &nbsp;colombianos y colombianas que sufrieron lesiones f\u00edsicas, amenazas de muerte y detenciones arbitrarias.&nbsp;<\/p>\n\n\n\n<p>Pero la violencia pol\u00edtica no es lo \u00fanico que el gobierno de Colombia de Ivan Duque se niega sistem\u00e1ticamente a reconocer. Recientemente, el diario El Espectador de Bogot\u00e1, citando al Defensor del Pueblo de Colombia, aportaba datos sobre la desnutrici\u00f3n infantil, teniendo como fuente oficial al Instituto Colombiano de Bienestar Familiar, ICBF, denunciando que en dos a\u00f1os de gobierno de Duque, en Colombia existen 115.533 ni\u00f1os y ni\u00f1as desnutridos, de ellos, 432 han sido hospitalizado por su gravedad. Hasta principio del mes de septiembre de este a\u00f1o, 115 ni\u00f1os y ni\u00f1as han muerto por desnutrici\u00f3n.<\/p>\n\n\n\n<p>\u00bfPero qu\u00e9 oculta el Estado colombiano, qu\u00e9 trata cual truco de magia hacer desaparecer?<\/p>\n\n\n\n<p>Uno de estos elementos ocultos, 16.209 millones de dolares, que son aportados al PIB de Colombia por el negocio del narcotr\u00e1fico. Un poco m\u00e1s del 5% de subsidio al capitalismo colombiano. El narcoestado, deja de ser un cuento de vegueros para convertirse en un realidad que supera sus fronteras y que envuelve al status quo de la sociedad colombiana. Pol\u00edticos, Militares, Polic\u00edas, emporios econ\u00f3micos y financieros, est\u00e1n estrechamente vinculados a la actividad del narcotr\u00e1fico. Tan solo hagamos una ojeada a los pilotos de avi\u00f3n al servicio de los carteles de la droga con v\u00ednculos con Alvaro Uribe Velez o al Presidente Ivan Duque. Repasemos solo episodio de la \u201c\u00d1e\u00f1e politica\u201d o veamos las \u00faltimas informaciones que vinculan al General Zapateiro, Comandante del Ejercito Colombiano, con la narcotraficante Solid Murcia P\u00e9rez.<\/p>\n\n\n\n<p>El otro elemento no menos preocupante para las colombianos y colombianas, para la regi\u00f3n y en especial para Venezuela, lo constituye la amenaza a la paz de Latinoamerica personificada en una clase pol\u00edtica y una c\u00fapula militar corruptas y entregadas a los yanquis. Colombia se ha convertido en la plataforma utilizada por los Estados Unidos para mantener su hegemon\u00eda a lo largo y ancho de Nuestra America. La Doctrina Monroe como arma contra los pueblos, se ha utilizado para contrarestar los avances de estos por consolidar el proyecto integracionista&nbsp;bolivariano. Desde los tiempos de Santander, como pe\u00f3n de los intereses de los Estados Unidos, hasta el tercer ciclo de gobierno del uribismo, la unidad y la paz latinoamericana son los blancos de estos francotiradores. UNASUR, el ALBA y la CELAC han sido marcados en el tablero de la geopolitica regional. No perdonan que en m\u00e1s de un escenario de integraci\u00f3n regional, la paz haya sido colocada como una bandera fundacional de un nuevo proyecto latinoamericano.<\/p>\n\n\n\n<p>Colombia ha sido epicentro de la agresi\u00f3n sobre el pueblo venezolano. Desde el propio inicio de la Revoluci\u00f3n bolivariana, la oligarqu\u00eda ha planificado y ejecutado magnicidios frustados, incursiones militares, y ha utilizado a gran escala los grupos paramilitares para la desestabilizaci\u00f3n de la vida cotidiana del venezolano.<\/p>\n\n\n\n<p>Las continuas visitas del Jefe del Comando Sur de las Fuerzas Militares de los EE.UU. y del Jefe de la CIA y la presencia de tropas estadounidenses en territorio colombiano con la misma excusa desde hace 40 a\u00f1os de combatir al narcotrafico, se han convertido en rutina y costumbre. Ahora&nbsp; se&nbsp; sabe de la transferencia por parte del Comando Sur de dos aviones C-130 H\u00e9rcules a Colombia que aumenta la capacidad de transporte de tropas militares a las futuras \u201czonas de conflicto\u201d previstas en la Doctrina Damasco, la base doctrinaria para la intervenci\u00f3n militar bajo la bandera de la \u201cayuda humanitaria\u201d para resolver la \u201cinestabilidad politica\u201d presente en un territorio vecino.<\/p>\n\n\n\n<p>Por si fuera todo esto poco, la amenaza de esta elite politica-militar, no oculta ser la vocera dispuesta por Washington para dinamitar la Mesa de Dialogo de M\u00e9xico entre la oposici\u00f3n venezolana y el Gobierno Revolucionario. No solo Ivan Duque act\u00faa &nbsp;para fijar posici\u00f3n sobre la direccionalidad que la oposici\u00f3n venezolana debe sostener en suelo mexicano, sino que por todos los medios intenta socavar este camino para la convivencia y la paz de los venezolanos todos.<\/p>\n\n\n\n<p>La condicion de esta amenaza real, usual y ordinaria, nos hace a los venezolanos seguir avanzando en los frentes de batalla. Necesitamos la estabilidad econ\u00f3mica sin las mal llamadas sanciones ni bloqueos financieros que afectan a la industria petrolera, los servicios p\u00fablicos, la distribuci\u00f3n de alimentos y el acceso a medicinas. Requerimos consolidar la paz pol\u00edtica con el ejercicio pleno de la soberan\u00eda popular y los diversos mecanismos de participaci\u00f3n y protagonismo del pueblo. La unidad c\u00edvico-militar, con el Pueblo en armas, es nuestra garant\u00eda del mantenimiento de la paz y de la defensa nacional y del camino bolivariano que nos hemos dado, con la profundizaci\u00f3n del proyecto pa\u00eds, bajo la bandera del ideario chavista en la transici\u00f3n hacia el Socialismo a la venezolana, sin copias y sin dogmas.<\/p>\n\n\n\n<p>El pueblo colombiano est\u00e1 en b\u00fasqueda de un mejor vivir. La disputa por la vida y el territorio, por una paz con justicia social est\u00e1 desatada y son millones de pobladores que se han manifestado en ese sentido. Esta lucha politica de calle apenas inicia y puede desatar insurrecciones y grandes confrontaciones. Adem\u00e1s el a\u00f1o 2022 tiene una connotacion electoral pues se elige nuevo Presidente y Congreso, situaci\u00f3n que puede traer desenlaces democraticos y de cambio.<\/p>\n\n\n\n<p>Los pueblos ahora separados por fronteras impuestas, necesitamos avanzar en el camino de la construccion de Colombia la Grande, sin\u00f3nimo de unidad, con la mirada puesta en un proyecto que facilite la construcci\u00f3n de un Bloque Econ\u00f3mico, Cultural y Militar con amplias capacidades de competencia como actor beligerante del mundo multipolar en continuas relaciones de respeto a la soberan\u00eda de los pa\u00edses levantando las banderas de la unidad y la integraci\u00f3n latinoamericana.<\/p>\n\n\n\n<p>Ese es el camino que nos se\u00f1al\u00f3 el Libertador Sim\u00f3n Bol\u00edvar y que est\u00e1 vivo en las luchas de los pueblos de Colombia y Venezuela.<\/p>\n\n\n\n<p><strong>200 a\u00f1os despu\u00e9s Carabobo sigue iluminando el camino hacia la Patria Grande.<\/strong><\/p>\n","protected":false},"excerpt":{"rendered":"<p>Colombia ha sido epicentro de la agresi\u00f3n sobre el pueblo venezolano. Desde el propio inicio de la Revoluci\u00f3n bolivariana, la oligarqu\u00eda ha planificado y ejecutado magnicidios frustados, incursiones militares, y ha utilizado a gran escala los grupos paramilitares para la desestabilizaci\u00f3n de la vida cotidiana del venezolano. <\/p>\n","protected":false},"author":1,"featured_media":2566,"comment_status":"closed","ping_status":"open","sticky":false,"template":"","format":"standard","meta":{"_monsterinsights_skip_tracking":false,"_monsterinsights_sitenote_active":false,"_monsterinsights_sitenote_note":"","_monsterinsights_sitenote_category":0,"footnotes":""},"categories":[3],"tags":[633,273,594,275,271,448,132],"class_list":["post-2565","post","type-post","status-publish","format-standard","has-post-thumbnail","hentry","category-editorial","tag-amenaza","tag-colombia","tag-dialogo","tag-ffmm-colombia","tag-latinoamerica","tag-paz","tag-venezuela"],"_links":{"self":[{"href":"https:\/\/puebloenarmas.com\/0\/wp-json\/wp\/v2\/posts\/2565","targetHints":{"allow":["GET"]}}],"collection":[{"href":"https:\/\/puebloenarmas.com\/0\/wp-json\/wp\/v2\/posts"}],"about":[{"href":"https:\/\/puebloenarmas.com\/0\/wp-json\/wp\/v2\/types\/post"}],"author":[{"embeddable":true,"href":"https:\/\/puebloenarmas.com\/0\/wp-json\/wp\/v2\/users\/1"}],"replies":[{"embeddable":true,"href":"https:\/\/puebloenarmas.com\/0\/wp-json\/wp\/v2\/comments?post=2565"}],"version-history":[{"count":1,"href":"https:\/\/puebloenarmas.com\/0\/wp-json\/wp\/v2\/posts\/2565\/revisions"}],"predecessor-version":[{"id":2567,"href":"https:\/\/puebloenarmas.com\/0\/wp-json\/wp\/v2\/posts\/2565\/revisions\/2567"}],"wp:featuredmedia":[{"embeddable":true,"href":"https:\/\/puebloenarmas.com\/0\/wp-json\/wp\/v2\/media\/2566"}],"wp:attachment":[{"href":"https:\/\/puebloenarmas.com\/0\/wp-json\/wp\/v2\/media?parent=2565"}],"wp:term":[{"taxonomy":"category","embeddable":true,"href":"https:\/\/puebloenarmas.com\/0\/wp-json\/wp\/v2\/categories?post=2565"},{"taxonomy":"post_tag","embeddable":true,"href":"https:\/\/puebloenarmas.com\/0\/wp-json\/wp\/v2\/tags?post=2565"}],"curies":[{"name":"wp","href":"https:\/\/api.w.org\/{rel}","templated":true}]}}