{"id":2395,"date":"2021-06-22T09:00:00","date_gmt":"2021-06-22T13:00:00","guid":{"rendered":"https:\/\/puebloenarmas.com\/?p=2395"},"modified":"2022-02-25T09:55:45","modified_gmt":"2022-02-25T13:55:45","slug":"carabobo-y-la-ruptura-colonial","status":"publish","type":"post","link":"https:\/\/puebloenarmas.com\/0\/carabobo-y-la-ruptura-colonial\/","title":{"rendered":"CARABOBO Y LA RUPTURA COLONIAL"},"content":{"rendered":"\n<p><strong>ECOS DE LA GUERRA Y LA PAZ EN EL BICENTENARIO<\/strong><\/p>\n\n\n\n<p>Por <strong>N\u00e9stor Gonz\u00e1lez<\/strong><\/p>\n\n\n\n<p>200 a\u00f1os atr\u00e1s Carabobo sell\u00f3 la victoria contra el colonialismo espa\u00f1ol, en esta contienda y la trama que la antecedi\u00f3 resuena vibrante&nbsp; la sentencia de Frantz Fanon cuando afirma: <\/p>\n\n\n\n<blockquote class=\"wp-block-quote is-layout-flow wp-block-quote-is-layout-flow\"><p>\u00ab<em>Liberaci\u00f3n nacional, renacimiento nacional, restituci\u00f3n de la naci\u00f3n al pueblo, Commonwealth, cualesquiera que sean las r\u00fabricas utilizadas o las nuevas f\u00f3rmulas introducidas, la descolonizaci\u00f3n es siempre un fen\u00f3meno violento\u201d<\/em>. <\/p><cite>(Fanon, 1963)<\/cite><\/blockquote>\n\n\n\n<p><\/p>\n\n\n\n<p>Lo cruento del desenlace en la contienda estrat\u00e9gica por la soberan\u00eda y autodeterminaci\u00f3n plena de&nbsp; Venezuela y el conjunto de la Rep\u00fablica de Colombia, est\u00e1 expresado en el parte de guerra de Bol\u00edvar al Soberano Congreso:<\/p>\n\n\n\n<blockquote class=\"wp-block-quote is-layout-flow wp-block-quote-is-layout-flow\"><p><em>Valencia, junio 25 de 1821<\/em><\/p><p><em>Al Soberano Congreso.<\/em><\/p><p><em>Excelent\u00edsimo Se\u00f1or:<\/em><\/p><p><em>Ayer se ha confirmado con una espl\u00e9ndida victoria el nacimiento pol\u00edtico de la Rep\u00fablica de Colombia.<\/em><\/p><p><em>El ej\u00e9rcito espa\u00f1ol pasaba de seis mil hom\u00adbres compuesto de todo lo mejor de las expediciones pacificadoras. Este ej\u00e9rcito ha de\u00adjado de serlo. Cuatrocientos hombres habr\u00e1n entrado hoy a Puerto Cabello. El ej\u00e9rcito Libertador ten\u00eda igual fuerza que el enemigo, pero no m\u00e1s que una quinta parte de \u00e9l ha decidido la batalla. Nuestra p\u00e9r\u00addida no es sino dolorosa: apenas doscientos muertos y heridos. <\/em><\/p><cite><em>(Bol\u00edvar, 1821)<\/em><\/cite><\/blockquote>\n\n\n\n<p><\/p>\n\n\n\n<p>La ruptura del yugo colonial supuso un problema militar, <em>\u201c\u2026el colonialismo no es una m\u00e1quina de pensar, no es un cuerpo dotado de raz\u00f3n. Es la violencia en estado de naturaleza y no puede inclinarse sino ante una violencia mayor.\u201d<\/em> <\/p>\n\n\n\n<p>(Fanon, 1963)<\/p>\n\n\n\n<p><\/p>\n\n\n\n<p>Previo al desenlace de Carabobo, la mente estrat\u00e9gica de Bol\u00edvar ten\u00eda tres hilos centrales por desatar:<\/p>\n\n\n\n<ul class=\"wp-block-list\"><li>La destrucci\u00f3n del Ej\u00e9rcito de Morillo alineado mayormente en el litoral venezolano y en sus principales ciudades.<\/li><li>La consolidaci\u00f3n de la victoria&nbsp; expresada en la toma de Bogot\u00e1 y la soberan\u00eda plena de la Rep\u00fablica de Colombia.<\/li><li>Desplegar la ofensiva militar en el sur en la perspectiva de liberar Ecuador y Per\u00fa.<\/li><\/ul>\n\n\n\n<p>Sin embargo tal prospectiva chocaba contra una realidad dif\u00edcil. Al comenzar el a\u00f1o 1820, la situaci\u00f3n de los patriotas era compleja, en la retaguardia de la Nueva Granada no exist\u00eda un n\u00famero suficiente de fuerzas capaces de enfrentar una contraofensiva espa\u00f1ola, en territorio venezolano los Ej\u00e9rcitos del Norte, Oriente y Los Llanos se hallaban con dificultades internas de log\u00edstica y separados no representaban ninguna amenaza para las fuerzas espa\u00f1olas. Era fundamental concentrar estas tropas si se pretend\u00eda alguna ofensiva de fondo contra Morillo, los temores de Bol\u00edvar se expresan claramente en su carta a Soublette desde Pamplona el 17 de febrero de 1820 :<\/p>\n\n\n\n<blockquote class=\"wp-block-quote is-layout-flow wp-block-quote-is-layout-flow\"><p><em>Temo que Morillo emprenda alguna operaci\u00f3n contra nosotros, luego que sepa que en la Nueva Granada no hay m\u00e1s que mil quinientos veteranos que la defiendan; pudiendo ser atacados por las tropas de Cartagena, Maracaibo y Venezuela. Morillo sabe perfectamente las fuerzas que tenemos, seg\u00fan los oficios que se le han interceptado a La Torre para Silva<\/em>. <\/p><cite>(Soublette, 1822)<\/cite><\/blockquote>\n\n\n\n<p><\/p>\n\n\n\n<p>Es aqu\u00ed donde los prop\u00f3sitos militares de victoria tuvieron una combinaci\u00f3n compleja de factores pol\u00edticos para su soluci\u00f3n eficaz, la esfera de la pol\u00edtica-diplomacia crean una ventana de oportunidad alrededor de una posible paz, expresada en el armisticio de noviembre de 1820. Si bien el Armisticio se convierte en una maniobra t\u00e1ctica de Bol\u00edvar, as\u00ed como de la Corona espa\u00f1ola, el Libertador no descarta que la esfera de la pol\u00edtica, en este caso la negociaci\u00f3n, lleve al mismo objetivo trazado desde la soluci\u00f3n militar, Bol\u00edvar contempla en su plan estrat\u00e9gico tanto la victoria como la paz para alcanzar el objetivo final de nuestra liberaci\u00f3n de Espa\u00f1a, as\u00ed lo anuncia en octubre de 2020 tras tomar M\u00e9rida y Trujillo, al respecto afirma:<\/p>\n\n\n\n<p>&nbsp;<em>\u00abColombianos- El Ej\u00e9rcito Libertador ha marchado por entre las bendiciones de los pueblos, rendidos a la Libertad. Caracas ver\u00e1 bien pronto un grande acto de justicia, volviendo nuestros enemigos a su patria y la nuestra a sus hijos. La paz \u00f3 la victoria nos dar\u00e1 el resto de Colombia\u00bb.<\/em><\/p>\n\n\n\n<p>La paz o la victoria dice, abonando en direcci\u00f3n a la victoria y la salida militar Bol\u00edvar ha trazado su estrategia, har\u00e1 uso de todos los factores que le permitan concentrar sus fuerzas en los Llanos para emprender desde ah\u00ed una avanzada hacia Carabobo donde est\u00e1 el grueso del ej\u00e9rcito espa\u00f1ol, previo a esto activar\u00e1 una acci\u00f3n desde Oriente con Berm\u00fadez para tomar Caracas, evento que al caer tras la espalda de las fuerzas espa\u00f1olas en Carabobo, los obligar\u00e1 a comprometer un grueso contingente para salir al choque contra Berm\u00fadez y recuperar Caracas. Pero antes, para lograrlo, el armisticio aparece como la maniobra perfecta y por qu\u00e9 no, como una salida no cruenta del conflicto estrat\u00e9gico.<\/p>\n\n\n\n<p>Los c\u00e1lculos de Bol\u00edvar son favorecidos por la apreciaci\u00f3n t\u00e1ctica de Pablo Morillo, la cual&nbsp; estaba mediada por el impacto sicol\u00f3gico que le dej\u00f3 la p\u00e9rdida de Cundinamarca y la destrucci\u00f3n de sus fuerzas en Boyac\u00e1, veamos como Morillo habla de&nbsp; Bol\u00edvar, en carta al Rey:<\/p>\n\n\n\n<p><em>\u201cBol\u00edvar, alma indomable a la que bastaba un triunfo, el m\u00e1s peque\u00f1o, para adue\u00f1arse de quinientas leguas de territorio. Bol\u00edvar es el jefe de m\u00e1s recursos y no hallo c\u00f3mo ponderar su actividad . . . Mucha fuerza se necesita para vencer a estos rebeldes, que no desmayan con ninguna derrota y que est\u00e1n resueltos a morir antes que a someterse.\u00bb<\/em><\/p>\n\n\n\n<p><em>\u00abEn esta situaci\u00f3n que va a dejar el destino de estas provincias a la merced de una batalla, cuyo \u00e9xito es bastante dudoso, atendiendo a la desigualdad con que debe librarse el combate por nuestra parte, s\u00f3lo espero que el accidente feliz que ha retardado el tiempo de abrirse la campa\u00f1a, me proporcione la llegada de los auxilios que espero de la Pen\u00ednsula, que son los \u00fanicos que pueden salvar estas posesiones de la terrible crisis en que se hallan\u00bb<\/em><\/p>\n\n\n\n<p>Morillo obra desde una postura defensiva, busca evitar combate alguno, favoreciendo as\u00ed la posici\u00f3n patriota. Su expectativa est\u00e1 puesta en m\u00e1s de 20.000 tropas que deben partir desde Espa\u00f1a hacia Am\u00e9rica, pero la la esperanza de Morillo de obtener refuerzos y pasar a la ofensiva queda bloqueada por la revoluci\u00f3n liberal en Espa\u00f1a, la cual se expresa en una extendida insubordinaci\u00f3n militar y un profundo sentimiento antimon\u00e1rquico en la propia Espa\u00f1a, llevando a Fern\u00e1ndo VII a jurar la Constituci\u00f3n y limitar el poder mon\u00e1rquico.<\/p>\n\n\n\n<p>En este nuevo contexto pol\u00edtico Morillo es instruido de buscar un armisticio y una soluci\u00f3n negociada con las fuerzas patriotas. Bol\u00edvar por su parte en carta a Soublette interpreta el momento pol\u00edtico as\u00ed: <em>\u00abEllos est\u00e1n en el caso del rico de Plat\u00f3n; ellos tienen todo que perder y nada que adquirir; y nosotros no teniendo nada que perder aspiramos a cuanto ellos poseen.\u00bb<\/em><\/p>\n\n\n\n<p>Este conjunto de eventos en las fuerzas realistas y la necesidad del armisticio para las fuerzas patriotas como elemento t\u00e1ctico de reagrupamiento llevan a la firma del Armisticio, el cual tiene como saldo una tregua de 6 meses y un Tratado de Regularizaci\u00f3n de la Guerra sobre intercambio de prisioneros y respeto a los civiles. Sin embargo el fondo estrat\u00e9gico con el que llega cada actor al armisticio arroja inexorablemente el desenlace hacia el terreno militar. Para los realistas se trataba de ofrecer perd\u00f3n e incorporaci\u00f3n a la oficialidad a la Corona, para los patriotas no hab\u00eda otro objetivo que la independencia y soberan\u00eda absoluta.<\/p>\n\n\n\n<p>Esta fr\u00e1gil paz se fractura hacia principios de 1921 y las dos fuerzas tramitar\u00e1n la soluci\u00f3n definitiva de la contradicci\u00f3n naci\u00f3n-imperio en el campo de Carabobo desde las armas.<\/p>\n\n\n\n<p>Per\u00fa de Lacroix narrar\u00e1 siete a\u00f1os m\u00e1s tarde las palabras de Bol\u00edvar sobre aquel encuentro y el Armisticio:<\/p>\n\n\n\n<blockquote class=\"wp-block-quote is-layout-flow wp-block-quote-is-layout-flow\"><p>El armisticio de seis meses que se celebr\u00f3 entonces y que tanto se ha criticado, no fu\u00e9 para m\u00ed sino un pretexto para hacer ver al mundo que ya Colombia trataba como de potencia a potencia con Espa\u00f1a; un pretexto tambi\u00e9n para el importante tratado de regulaci\u00f3n de la guerra que se firm\u00f3 tal, casi, como lo hab\u00eda redactado yo mismo; tratado santo, humano y pol\u00edtico que pon\u00eda fin a aquella horrible carnicer\u00eda de matar a los vencidos, de no hacer prisioneros de guerra, barbarie espa\u00f1ola que los patriotas se hab\u00edan visto en el caso de adoptar en represalias, barbarie feroz que hacia retroceder la civilizaci\u00f3n, que hac\u00eda del suelo colombiano un campo de can\u00edbales y lo empapaba con sangre inocente que hacia estremecer a toda la humanidad. Por otra parte, aquel armisticio era provechoso a la Rep\u00fablica y fatal a los espa\u00f1oles; su Ej\u00e9rcito no pod\u00eda aumentar sino disminuir durante dicha suspensi\u00f3n; el m\u00edo, por el contrario, aumentaba y tomaba mejor organizaci\u00f3n. La pol\u00edtica del General Morillo nada pod\u00eda adelantar entonces en Colombia, y la m\u00eda obraba activa y eficazmente en todos los puntos ocupados todav\u00eda por las tropas de dicho General. Hay m\u00e1s a\u00fan: el armisticio enga\u00f1\u00f3 tambi\u00e9n a Morillo, y lo hizo ir a Espa\u00f1a y dejar el mando de su Ej\u00e9rcito al General La Torre, menos activo, menos militar que el Conde de Cartagena; esto era ya una inmensa victoria que me aseguraba la entera y pronta libertad de toda Venezuela, y me facilitaba la ejecuci\u00f3n de mi grande e importante proyecto, el de no dejar un solo espa\u00f1ol armado en toda la Am\u00e9rica del Sur.\u00bb<\/p><cite>(De la Croix, 1827)<\/cite><\/blockquote>\n\n\n\n<p><\/p>\n\n\n\n<p>Estos ecos de liberaci\u00f3n, tejidos desde los juegos de la paz y la guerra vienen hasta nosotros 200 a\u00f1os despu\u00e9s. Hoy nuestra contradicci\u00f3n principal como ayer es entre naci\u00f3n e imperio. Su soluci\u00f3n exige el acopio de capacidades militares pero igualmente de un amplio dispositivo pol\u00edtico y diplom\u00e1tico capaz de hacer viable el encuadre militar, ya sea en t\u00e9rminos disuasivos o defensivos.<\/p>\n\n\n\n<p>La pol\u00edtica est\u00e1 inexorablemente tejida a cualquier trayectoria de guerra, en esta direcci\u00f3n Carl von Clausewitz, nos ofrece una mirada politizada de la guerra, \u00e9sta es vista como la continuaci\u00f3n de la pol\u00edtica por otros medios, no es una mirada instrumental de la guerra, es el reconocimiento de la potencia pol\u00edtica que lleva impl\u00edcita:<\/p>\n\n\n\n<blockquote class=\"wp-block-quote is-layout-flow wp-block-quote-is-layout-flow\"><p>\u00abLa guerra es la mera continuaci\u00f3n de la pol\u00edtica por otros medios. Vemos, por lo tanto, que la guerra no es simplemente un acto pol\u00edtico, sino un verdadero instrumento pol\u00edtico, una continuaci\u00f3n de la actividad pol\u00edtica, una realizaci\u00f3n de la misma por otros medios. La que queda a\u00fan de peculiar a la guerra se refiere solamente al car\u00e1cter peculiar de los medios que utiliza. El arte de la guerra en general y el jefe en cada caso particular, pueden exigir que las tendencias y los planes pol\u00edticos no sean incompatibles con estos medios y esta no es insignificante, pero por m\u00e1s que reaccione poderosamente en casos particulares sobre los designios pol\u00edticos, debe consider\u00e1rsela siempre solo como una modificaci\u00f3n de los mismos: el prop\u00f3sito pol\u00edtico es el objetivo, mientras que la guerra es el medio, y el medio no puede ser nunca considerado separadamente del objetivo\u00bb.<\/p><cite>( Clausewitz, 1832)<\/cite><\/blockquote>\n\n\n\n<p><\/p>\n\n\n\n<p>Pero as\u00ed como la guerra contiene y expresa la pol\u00edtica, igualmente la pol\u00edtica contiene la latencia de la guerra, la pol\u00edtica se ubicar\u00eda como continuaci\u00f3n de la guerra por otros medios. Es Michel Foucault quien plantea sin sutileza una sospecha sobre la pol\u00edtica como lugar de id\u00edlica y pac\u00edfica disputa pol\u00e9mica:<\/p>\n\n\n\n<blockquote class=\"wp-block-quote is-layout-flow wp-block-quote-is-layout-flow\"><p>\u00abVale decir: considerando la guerra como punto de m\u00e1xima tensi\u00f3n de la fuerza, o bien como manifestaci\u00f3n de las relaciones de fuerza en estado puro. La relaci\u00f3n de poder, \u00bfno es tal vez -detr\u00e1s de la paz, del orden, de la riqueza, de la autoridad- una relaci\u00f3n de enfrentamiento, de lucha a muerte, de guerra? Detr\u00e1s del orden calmo de las subordinaciones, detr\u00e1s del Estado, detr\u00e1s de los aparatos del Estado, detr\u00e1s de las leyes, \u00bfno ser\u00e1 posible advertir y redescubrir una especie de guerra primitiva y permanente?\u00bb <\/p><cite>(Foucault, 2011)<\/cite><\/blockquote>\n\n\n\n<p><\/p>\n\n\n\n<p>Con Foucault, vemos lo pol\u00edtico y su institucionalidad como guerra permanente, permanencia que el marxismo nos detallar\u00e1 como latencia de la violencia en una sociedad cruzada por intereses de clases antag\u00f3nicas.<\/p>\n\n\n\n<p>Es nuestra tarea tejer la cadencia y peso en cada momento de estas dos l\u00f3gicas que se entretejen como \u00fanica, la pol\u00edtica y la guerra se expresan en el binomio pueblo-armas y es su articulaci\u00f3n lo que nos permitir\u00e1 a 200 a\u00f1os de Carabobo seguir invictos.<\/p>\n\n\n\n<p><strong>REFERENCIAS BIBLIOGR\u00c1FICAS.<\/strong><\/p>\n\n\n\n<p>BOL\u00cdVAR, Sim\u00f3n.(1821),Comunicaci\u00f3n oficial de Bol\u00edvar para el Congreso de Colombia, fechada en Valencia el 25 de Junio de 1821.<\/p>\n\n\n\n<p>FANON, frantz (1963), Los condenados de la tierra. Fondo de Cultura Econ\u00f3mica.<\/p>\n\n\n\n<p>FOUCAULT, Michel. La guerra en la filigrana de la paz, en Genealog\u00eda del Racismo.&nbsp; Pag 41<\/p>\n\n\n\n<p>SANTANA Arturo, (1921). La Campa\u00f1a de Carabobo: Relaci\u00f3n hist\u00f3rica militar. Caracas, Litograf\u00eda del Comercio.<\/p>\n","protected":false},"excerpt":{"rendered":"<p>Estos ecos de liberaci\u00f3n, tejidos desde los juegos de la paz y la guerra vienen hasta nosotros 200 a\u00f1os despu\u00e9s. Hoy nuestra contradicci\u00f3n principal como ayer es entre naci\u00f3n e imperio. Su soluci\u00f3n exige el acopio de capacidades militares pero igualmente de un amplio dispositivo pol\u00edtico y diplom\u00e1tico capaz de hacer viable el encuadre militar, ya sea en t\u00e9rminos disuasivos o defensivos.<\/p>\n","protected":false},"author":1,"featured_media":2396,"comment_status":"closed","ping_status":"open","sticky":false,"template":"","format":"standard","meta":{"_monsterinsights_skip_tracking":false,"_monsterinsights_sitenote_active":false,"_monsterinsights_sitenote_note":"","_monsterinsights_sitenote_category":0,"footnotes":""},"categories":[11],"tags":[488,171,131],"class_list":["post-2395","post","type-post","status-publish","format-standard","has-post-thumbnail","hentry","category-filosofia-de-la-guerra","tag-batalla-de-carabobo","tag-filosofia","tag-guerra"],"_links":{"self":[{"href":"https:\/\/puebloenarmas.com\/0\/wp-json\/wp\/v2\/posts\/2395","targetHints":{"allow":["GET"]}}],"collection":[{"href":"https:\/\/puebloenarmas.com\/0\/wp-json\/wp\/v2\/posts"}],"about":[{"href":"https:\/\/puebloenarmas.com\/0\/wp-json\/wp\/v2\/types\/post"}],"author":[{"embeddable":true,"href":"https:\/\/puebloenarmas.com\/0\/wp-json\/wp\/v2\/users\/1"}],"replies":[{"embeddable":true,"href":"https:\/\/puebloenarmas.com\/0\/wp-json\/wp\/v2\/comments?post=2395"}],"version-history":[{"count":8,"href":"https:\/\/puebloenarmas.com\/0\/wp-json\/wp\/v2\/posts\/2395\/revisions"}],"predecessor-version":[{"id":2769,"href":"https:\/\/puebloenarmas.com\/0\/wp-json\/wp\/v2\/posts\/2395\/revisions\/2769"}],"wp:featuredmedia":[{"embeddable":true,"href":"https:\/\/puebloenarmas.com\/0\/wp-json\/wp\/v2\/media\/2396"}],"wp:attachment":[{"href":"https:\/\/puebloenarmas.com\/0\/wp-json\/wp\/v2\/media?parent=2395"}],"wp:term":[{"taxonomy":"category","embeddable":true,"href":"https:\/\/puebloenarmas.com\/0\/wp-json\/wp\/v2\/categories?post=2395"},{"taxonomy":"post_tag","embeddable":true,"href":"https:\/\/puebloenarmas.com\/0\/wp-json\/wp\/v2\/tags?post=2395"}],"curies":[{"name":"wp","href":"https:\/\/api.w.org\/{rel}","templated":true}]}}