{"id":1085,"date":"2020-06-24T10:06:00","date_gmt":"2020-06-24T14:06:00","guid":{"rendered":"http:\/\/puebloenarmas.com\/?p=1085"},"modified":"2021-01-05T18:27:51","modified_gmt":"2021-01-05T22:27:51","slug":"la-grandeza-de-un-verdadero-lider","status":"publish","type":"post","link":"https:\/\/puebloenarmas.com\/0\/la-grandeza-de-un-verdadero-lider\/","title":{"rendered":"La grandeza de un verdadero l\u00edder."},"content":{"rendered":"\n<p>Por Fredery Burgos S\u00e1nchez &nbsp;(Rep. Dominicana) (*)<\/p>\n\n\n\n<p>Hugo Rafael Ch\u00e1vez Fr\u00edas:<\/p>\n\n\n\n<p>El 4 de febrero de 1992, Hugo Ch\u00e1vez, y un grupo de\ntenientes lideraron un intento infructuoso de golpe de Estado en Venezuela,\ncontra el entonces presidente Carlos Andr\u00e9s P\u00e9rez. Adem\u00e1s participaron: 5\ntenientes coroneles, 14 mayores, 54 capitanes, 67 subtenientes, 65\nsuboficiales, 101 sargentos de tropa y 2.056 soldados alistados.<\/p>\n\n\n\n<p>El hombre con \u00fanico objetivo de llegar a Miraflores y dar un golpe de Estado, Ch\u00e1vez, no llevo sus tropas enga\u00f1adas ni pagadas como mercenarios ni llamo al pueblo para que fuera carne de ca\u00f1\u00f3n. \u00c9l se fue al objetivo y no tom\u00f3 una autopista, donde transitaban innumerables ciudadanos de distintas edades.<\/p>\n\n\n\n<p>Ch\u00e1vez, no logr\u00f3 su objetivo y se entreg\u00f3 a las autoridades para as\u00ed evitar un derramamiento de sangre, \u00e9l asumi\u00f3 la responsabilidad de lo sucedido, no escap\u00f3 ni mucho menos pidi\u00f3 asilo en ninguna embajada. Estuvo preso en la c\u00e1rcel del Yare y no pidi\u00f3 c\u00e1rcel domiciliaria.<\/p>\n\n\n\n<p>Hoy d\u00eda, la derecha fascista, criminal y ap\u00e1trida han\nmaniobrado diversos atentados y ataques contra el gobierno leg\u00edtimo de Nicol\u00e1s\nMaduro Moros, con el fin de derrocarlo. Sin embsrgo, son estos, los que hoy\nandan corriendo como gallinas, de manera irresponsable y pidiendo asilo en\nembajadas y pag\u00e1ndoles a mercenarios. \u00bfPor qu\u00e9 no act\u00faan con responsabilidad\ncomo lo hizo Ch\u00e1vez?<\/p>\n\n\n\n<p>Ch\u00e1vez dejo un legado dentro de las fuerzas armadas, qu\u00e9 ha\nlogrado la uni\u00f3n c\u00edvico-militar-policial. Esta unidad ha dado como respuesta\nduros golpes a las acciones de la ultraderecha, como lo pudimos ver en la\nOperaci\u00f3n Gede\u00f3n, por v\u00eda mar\u00edtima en La Guaira, entre otros puntos de la\nnaci\u00f3n Suramericana y donde estos fueron neutralizados de una manera r\u00e1pida y\nefectiva por las fuerzas armadas y por el pueblo.<\/p>\n\n\n\n<p>Venezuela vencer\u00e1 las adversidades financieras, econ\u00f3micas y\ntodo ataque golpista, con unidad, con organizaci\u00f3n y con lealtad.<\/p>\n\n\n\n<p>\u00a1Viva Ch\u00e1vez!<\/p>\n\n\n\n<p>\u00a1Viva Nicol\u00e1s Maduro!<\/p>\n\n\n\n<p>\u00a1Viva la Revoluci\u00f3n Bolivariana!<\/p>\n\n\n\n<p>\u00a1Viva Venezuela libre y soberana!<\/p>\n\n\n\n<p>\u00a1Viva la unidad c\u00edvico-militar-policial!<\/p>\n\n\n\n<p>\u00a1Leales siempre, traidores nunca!<\/p>\n\n\n\n<p>Ch\u00e1vez vive, la lucha sigue&#8230;<\/p>\n\n\n\n<p>PATRIA O MUERTE, VENCEREMOS!<\/p>\n\n\n\n<p><\/p>\n\n\n\n<p> (*) Fredery Burgos S\u00e1nchez es un hermano Dominicano de la Patria de Bol\u00edvar, Revolucionario, Internacionalista y Polit\u00f3logo. <\/p>\n","protected":false},"excerpt":{"rendered":"<p>\u00abCh\u00e1vez dejo un legado dentro de las fuerzas armadas, qu\u00e9 ha logrado la uni\u00f3n c\u00edvico-militar-policial. Esta unidad ha dado como respuesta duros golpes a las acciones de la ultraderecha,&#8230;\u00bb<\/p>\n","protected":false},"author":1,"featured_media":1086,"comment_status":"closed","ping_status":"open","sticky":false,"template":"","format":"standard","meta":{"_monsterinsights_skip_tracking":false,"_monsterinsights_sitenote_active":false,"_monsterinsights_sitenote_note":"","_monsterinsights_sitenote_category":0,"footnotes":""},"categories":[121],"tags":[210,209],"class_list":["post-1085","post","type-post","status-publish","format-standard","has-post-thumbnail","hentry","category-especial","tag-hugo-chavez","tag-unidad-civico-militar"],"_links":{"self":[{"href":"https:\/\/puebloenarmas.com\/0\/wp-json\/wp\/v2\/posts\/1085","targetHints":{"allow":["GET"]}}],"collection":[{"href":"https:\/\/puebloenarmas.com\/0\/wp-json\/wp\/v2\/posts"}],"about":[{"href":"https:\/\/puebloenarmas.com\/0\/wp-json\/wp\/v2\/types\/post"}],"author":[{"embeddable":true,"href":"https:\/\/puebloenarmas.com\/0\/wp-json\/wp\/v2\/users\/1"}],"replies":[{"embeddable":true,"href":"https:\/\/puebloenarmas.com\/0\/wp-json\/wp\/v2\/comments?post=1085"}],"version-history":[{"count":3,"href":"https:\/\/puebloenarmas.com\/0\/wp-json\/wp\/v2\/posts\/1085\/revisions"}],"predecessor-version":[{"id":1228,"href":"https:\/\/puebloenarmas.com\/0\/wp-json\/wp\/v2\/posts\/1085\/revisions\/1228"}],"wp:featuredmedia":[{"embeddable":true,"href":"https:\/\/puebloenarmas.com\/0\/wp-json\/wp\/v2\/media\/1086"}],"wp:attachment":[{"href":"https:\/\/puebloenarmas.com\/0\/wp-json\/wp\/v2\/media?parent=1085"}],"wp:term":[{"taxonomy":"category","embeddable":true,"href":"https:\/\/puebloenarmas.com\/0\/wp-json\/wp\/v2\/categories?post=1085"},{"taxonomy":"post_tag","embeddable":true,"href":"https:\/\/puebloenarmas.com\/0\/wp-json\/wp\/v2\/tags?post=1085"}],"curies":[{"name":"wp","href":"https:\/\/api.w.org\/{rel}","templated":true}]}}